{"id":413,"date":"2024-03-01T15:21:21","date_gmt":"2024-03-01T14:21:21","guid":{"rendered":"https:\/\/africareloaded.xyz\/?p=413"},"modified":"2024-03-04T18:16:30","modified_gmt":"2024-03-04T17:16:30","slug":"la-decheance-de-nationalite-comme-arme-de-bannissement-politique","status":"publish","type":"post","link":"https:\/\/africareloaded.xyz\/?p=413","title":{"rendered":"La D\u00e9ch\u00e9ance de Nationalit\u00e9 comme Arme de Bannissement politique"},"content":{"rendered":"<div id=\"fb-root\"><\/div>\n\n<p><strong><em>Les institutions nationales sont elles faites pour combattre le militantisme politique et des opposants au r\u00e9gime ? C&rsquo;est ce que l&rsquo;on apprend de la bouche de Kemi Seba qui se voit une fois de plus combattu directement par l&rsquo;\u00c9tat Fran\u00e7ais . Ce dernier, d\u00e9sapprouvant la perception critique \u00e0 son \u00e9gard du militant et penseur panafricain Kemi Seba, a  lanc\u00e9 une proc\u00e9dure de destitution de nationalit\u00e9.<\/em><\/strong><\/p>\n\n\n<div class=\"wp-block-aioseo-table-of-contents\"><ul><li><a class=\"aioseo-toc-item\" href=\"#aioseo-a-qui-ou-acquis-la-liberte-dexpression\">\u00c0 qui ou Acquis, la libert\u00e9 d&#039;expression ?<\/a><\/li><li><a class=\"aioseo-toc-item\" href=\"#aioseo-le-panafricanisme-une-ideologie-qui-derange-les-elites-bourgeoises-africaines\">Le panafricanisme, une id\u00e9ologie qui d\u00e9range les \u00e9lites bourgeoises africaines<\/a><\/li><li><a class=\"aioseo-toc-item\" href=\"#aioseo-car-a-quoi-sert-en-realite-un-passeport-francais\">Car \u00e0 quoi sert en r\u00e9alit\u00e9 un Passeport Fran\u00e7ais?<\/a><\/li><li><a class=\"aioseo-toc-item\" href=\"#aioseo-limiter-le-deplacement-des-militants-africains-anti-imperialistes\">Limiter le d\u00e9placement des militants africains anti-imp\u00e9rialistes<\/a><\/li><li><a class=\"aioseo-toc-item\" href=\"#aioseo-le-visa-une-arme-de-bannissement\">Le Visa une arme de Bannissement<\/a><\/li><li><a class=\"aioseo-toc-item\" href=\"#aioseo-ce-que-lon-doit-retenir\">Ce que l&#039;on doit retenir !<\/a><\/li><\/ul><\/div>\n\n\n<figure class=\"wp-block-embed aligncenter is-type-rich is-provider-twitter wp-block-embed-twitter\"><div class=\"wp-block-embed__wrapper\">\n<blockquote class=\"twitter-tweet\" data-width=\"550\" data-dnt=\"true\"><p lang=\"fr\" dir=\"ltr\">D\u00c9CH\u00c9ANCE DE LA NATIONALIT\u00c9 \ud83c\uddeb\ud83c\uddf7 : \u00ab\u00a0C\u2019EST POUR NOUS UNE D\u00c9CORATION DE GUERRE, ET JE NE MENDIERAI PAS POUR GARDER LEUR NATIONALIT\u00c9\u00bb\ud83d\ude4c\ud83c\udffe\u270a\ud83c\udffe <a href=\"https:\/\/t.co\/iyNN4bcg1k\">pic.twitter.com\/iyNN4bcg1k<\/a><\/p>&mdash; Kemi Seba Officiel (@KemiSeba1) <a href=\"https:\/\/twitter.com\/KemiSeba1\/status\/1763445103337607575?ref_src=twsrc%5Etfw\">March 1, 2024<\/a><\/blockquote><script async src=\"https:\/\/platform.twitter.com\/widgets.js\" charset=\"utf-8\"><\/script>\n<\/div><figcaption class=\"wp-element-caption\">R\u00e9v\u00e9lation de Kemi Seba sur RT de la proc\u00e9dure de d\u00e9ch\u00e9ance de nationalit\u00e9<\/figcaption><\/figure>\n\n\n\n<h3 class=\"wp-block-heading\" id=\"aioseo-a-qui-ou-acquis-la-liberte-dexpression\">\u00c0 qui ou Acquis, la libert\u00e9 d&rsquo;expression ?<\/h3>\n\n\n\n<p>Pourtant n\u00e9 sur le territoire fran\u00e7ais et y ayant fait la majeur partie de ses \u00e9tudes scolaires , Kemi Seba , dont le nom \u00e0 l&rsquo;eta civile est Robert Stelio CapoChiChi, se voit r\u00e9guli\u00e8rement attaquer directement par les \u00e9tats se pr\u00e9valant de d\u00e9mocratie mais refusant que l&rsquo;on leur rappelle leurs exactions d&rsquo;un pass\u00e9 proche ou lointain .<\/p>\n\n\n\n<p>Pose la question de la place de la parole d&rsquo;un africain sur la place publique . A t&rsquo;il vraiment le droit de s&rsquo;exprimer et dire son d\u00e9saccord sur son traitement. A t&rsquo;il le droit de d\u00e9noncer des accords mafieux et p\u00e9nalisant pour toute sa communaut\u00e9 ? Car en v\u00e9rit\u00e9 , il n&rsquo;y ait question que de \u00e7a . <\/p>\n\n\n\n<p>Le Mali , le Niger et le Burkina Faso ont cr\u00e9e l&rsquo;AES , l&rsquo;Alliance des Etats du Sahel , pour faire front commun contre une CEDEAO , qui a \u00e9t\u00e9 manipul\u00e9e contre eux . Ils se sont vus sanctionn\u00e9s et priv\u00e9s de leur avoirs. Les fronti\u00e8res ferm\u00e9es pour les enclaver. Tout cela au travers d&rsquo;une institution \u00e0 but \u00e9conomique \u00e0 qui l&rsquo;on voulait lui donner un pouvoir politique qui n&rsquo;est pas le sien . <\/p>\n\n\n\n<p>Ce que l&rsquo;on appelle maintenant D\u00e9mocratie  devient un terrible outil de r\u00e9pression envers tout ceux qui par voie d\u00e9mocratique en d\u00e9nonce les d\u00e9rives et les manquements . La d\u00e9mocratie consiste maintenant \u00e0 n&rsquo;acquiescer que le discours officiel de l&rsquo;AFP et des services de la communication de l&rsquo;Elys\u00e9e. C&rsquo;est ainsi que Kemi S\u00e9ba se voit interdit d&rsquo;acc\u00e8s en C\u00f4te d&rsquo;Ivoire et banni du S\u00e9n\u00e9gal o\u00f9 il r\u00e9sidait avec l&rsquo;une de ses \u00e9pouses et ses enfants . Souvent sur ordre officieux de l&rsquo;Elys\u00e9e mais aussi accus\u00e9 de trouble \u00e0 l&rsquo;ordre public ou de le susciter par sa pr\u00e9sence et ses paroles . <\/p>\n\n\n\n<h3 class=\"wp-block-heading\" id=\"aioseo-le-panafricanisme-une-ideologie-qui-derange-les-elites-bourgeoises-africaines\">Le panafricanisme, une id\u00e9ologie qui d\u00e9range les \u00e9lites bourgeoises africaines <\/h3>\n\n\n\n<p>Kemi Seba pose un gros probl\u00e8me \u00e0 toute l&rsquo;intelligentsia politique africaine. Il dit de mani\u00e8re compr\u00e9hensible et intelligible ce que personne ne comprend et ne voyait du n\u00e9o colonialisme en Afrique francophone. Cette \u00e9lite fran\u00e7aise et africaine qui ne comprend pas que l&rsquo;on puisse \u00eatre r\u00e9volt\u00e9 par tant d&rsquo;humiliation et d&rsquo;ocstracisation. Il arrive \u00e0 un moment o\u00f9 des peuples en ont assez d&rsquo;\u00eatre humili\u00e9s constamment , non respect\u00e9s et dans le pauvret\u00e9 . Vivre dans l&rsquo;opulence et voir les siens mis\u00e9reux alors que l&rsquo;on crie sur tous les plateaux que l&rsquo;avenir se trouve en Afrique  a de quoi en r\u00e9volter certains  .<\/p>\n\n\n\n<p>Et ce sont les propos de Kemi Seba depuis 30ans . Des propos qui ont beaucoup \u00e9volu\u00e9 , \u00e9t\u00e9 m\u00e2tur\u00e9s et \u00e9dulcor\u00e9s pour ne plus heurter. La communication a aussi ses r\u00e8gles si l&rsquo;on veut se faire entendre et comprendre . Surtout du plus grand nombre , et c&rsquo;est par ce travail que Kemi Seba est devenu une ic\u00f4ne charismatique dans toute la sph\u00e8re africaine francophone . C&rsquo;est ainsi qu&rsquo;il est r\u00e9guli\u00e8rement montr\u00e9 comme un dangereux extr\u00e9miste noir en s&rsquo;appuyant sur son pass\u00e9 sulfureux  et beaucoup plus agressif en direction de l&rsquo;occident que maintenant , o\u00f9 il s&rsquo;est nettement assagi. Mais un militant noir n&rsquo;a pas le droit \u00e0 l&rsquo;oubli , sauf quand il d\u00e9c\u00e8de . C&rsquo;est ainsi qu&rsquo;un Aim\u00e9 C\u00e9saire ou un Nelson Mandela n&rsquo;auront jamais eu autant de reconnaissance qu&rsquo;a leur mort . Et jamais autant combattus de leur vivant .<\/p>\n\n\n\n<figure class=\"wp-block-embed is-type-video is-provider-youtube wp-block-embed-youtube wp-embed-aspect-16-9 wp-has-aspect-ratio\"><div class=\"wp-block-embed__wrapper\">\n<iframe title=\"Enqu\u00eate : Russie-Afrique, les r\u00e9seaux d\u2019influence \u2022 FRANCE 24\" width=\"640\" height=\"360\" src=\"https:\/\/www.youtube.com\/embed\/YXFP0r-3rXY?feature=oembed\" frameborder=\"0\" allow=\"accelerometer; autoplay; clipboard-write; encrypted-media; gyroscope; picture-in-picture; web-share\" referrerpolicy=\"strict-origin-when-cross-origin\" allowfullscreen><\/iframe>\n<\/div><\/figure>\n\n\n\n<p> Kemi Seba fait donc tr\u00e8s peur \u00e0 l&rsquo;\u00e9lite bourgeoise africaine , qui le d\u00e9teste au plus haut point et ne s&rsquo;attardera que sur la violence pass\u00e9e de ses propos . Une \u00e9lite , qui veut et doit absolument m\u00e9nager la ch\u00e8vre le choux afin de pr\u00e9server ses privil\u00e8ges . Et surtout pour ne pas risquer de tomber dans un tel extreme , la d\u00e9ch\u00e9ance de nationalit\u00e9 fran\u00e7aise.  Nationalit\u00e9 fran\u00e7aise  qui est per\u00e7ue comme Le graal pour tout africain du continent . Un graal pour beaucoup qui ne leur servent qu&rsquo;a frimer vis a vis des autres africains, o\u00f9 aller se pavaner dans d&rsquo;autre pays de l&rsquo;occident , tres pratique pour aller s&rsquo;installer \u00e0 Londres , au Canada voir les Etats Unis . <\/p>\n\n\n\n<h3 class=\"wp-block-heading\" id=\"aioseo-car-a-quoi-sert-en-realite-un-passeport-francais\">Car \u00e0 quoi sert en r\u00e9alit\u00e9 un Passeport Fran\u00e7ais? <\/h3>\n\n\n\n<p>Le <a href=\"http:\/\/Henley Passport https:\/\/www.henleyglobal.com\/passport-index\" title=\"\"><strong>Henley Passport Index <\/strong><\/a>publie chaque trimestre un classement des passeports les plus avantageux pour voyager sans visa, r\u00e9servant parfois des surprises dans le haut du classement.<\/p>\n\n\n\n<p>La facilit\u00e9 de franchir les fronti\u00e8res d\u00e9pend largement de la nationalit\u00e9. Pour d\u00e9terminer les passeports offrant la plus grande libert\u00e9 de voyage (sans visa, avec visa \u00e0 l&rsquo;arriv\u00e9e ou avec visa \u00e9lectronique), le cabinet de conseil en citoyennet\u00e9 Henley &amp; Partners se base sur les donn\u00e9es de l&rsquo;Association internationale du transport a\u00e9rien (IATA), qui regroupe 250 compagnies a\u00e9riennes mondiales.<\/p>\n\n\n\n<p>Son \u00e9tude, mise \u00e0 jour en juillet 2023, couvre 199 passeports et 227 destinations de voyage. Toutefois, le Henley Passport Index ne prend pas en compte les restrictions temporaires de circulation impos\u00e9es pendant la pand\u00e9mie de Covid-19, largement lev\u00e9es \u00e0 ce jour.<\/p>\n\n\n\n<p>Pour ce qui est du classement, le passeport japonais, habituellement en t\u00eate depuis cinq ans, a \u00e9t\u00e9 d\u00e9tr\u00f4n\u00e9 par Singapour.<strong> Les d\u00e9tenteurs du passeport singapourien peuvent voyager dans 192 pays sans visa<\/strong>. L&rsquo;Allemagne, l&rsquo;Italie et l&rsquo;Espagne se classent \u00e0 la deuxi\u00e8me place, <strong>avec 190 pays sans visa,<\/strong> tandis que le Japon <strong>se retrouve \u00e0 la troisi\u00e8me place,<\/strong> en compagnie de l&rsquo;Autriche, de la Finlande, du Luxembourg, de la Cor\u00e9e du Sud et de <strong>la France<\/strong>, permettant \u00e0 leurs ressortissants de voyager dans 189 pays sans visa.<\/p>\n\n\n\n<p>Parmi les 199 pays \u00e9valu\u00e9s, ceux de l&rsquo;Europe dominent le haut de la liste. <strong>Le passeport fran\u00e7ais, qui occupait la 6e place lors du dernier classement en janvier, grimpe \u00e0 la 3e place.<\/strong> Il est suivi par le Danemark, l&rsquo;Irlande, les Pays-Bas et le Royaume-Uni (188 pays). En 5e position, se trouvent la Belgique, la R\u00e9publique tch\u00e8que, Malte, la Nouvelle-Z\u00e9lande, la Norv\u00e8ge, le Portugal et la Suisse (187 pays). Les \u00c9tats-Unis se classent quant \u00e0 eux \u00e0 la 8e place (184 pays). Henley &amp; Partners note que le Royaume-Uni semble avoir pris un nouveau virage, remontant de deux places apr\u00e8s six ans de baisse, tandis que les \u00c9tats-Unis continuent leur d\u00e9clin depuis une d\u00e9cennie, perdant deux places suppl\u00e9mentaires.<\/p>\n\n\n\n<h3 class=\"wp-block-heading\" id=\"aioseo-limiter-le-deplacement-des-militants-africains-anti-imperialistes\">Limiter le d\u00e9placement des militants africains anti-imp\u00e9rialistes<\/h3>\n\n\n\n<p>De m\u00eame que l&rsquo;on s&rsquo;attaque \u00e0 la d\u00e9ch\u00e9ance de nationalit\u00e9 de Kemi Seba , c&rsquo;est le professeur Franklin Nyamsi qui a eu tr\u00e8s chaud en Mai 2023, quand il ne voyait pas le renouvellement de son passeport se faire. Devenu fran\u00e7ais au d\u00e9but des ann\u00e9es 2000 , puis ayant une chaire de professeur de philosophie dans une universit\u00e9 de Normandie , ce qui ressemble \u00e0 une attaque similaire a celle de Kemi Seba semble lui avoir \u00e9t\u00e9 intent\u00e9e en 2023 , quand il perd soudainement son emploi de professeur par radiation. Ce apr\u00e8s un certain nombre de voyages au Mali , o\u00f9 il se voit tr\u00e8s vite fich\u00e9 non plus comme idiot utile pour faire tomber Laurent Gbagbo mais comme opposant au r\u00e9gime imp\u00e9rialiste occidental par sa critique acerbe du Pr\u00e9sident de la C\u00f4te d&rsquo;Ivoire Alassane Dramane Ouatara . Ce dernier \u00e9tant devenu maintenant son ennemi jur\u00e9 alors qu&rsquo;ils \u00e9taient compagnon de lutte avant . <\/p>\n\n\n\n<p>Toujours dans le viseur des services du renseignement fran\u00e7ais  ( qui doit pas nous faire oublier la SDECE (Service de Documentation Ext\u00e9rieure et de Contre-Espionnage), qui \u00e9tait l&rsquo;ancien nom de l&rsquo;agence de renseignement ext\u00e9rieur fran\u00e7ais avant qu&rsquo;elle ne devienne la DGSE (Direction G\u00e9n\u00e9rale de la S\u00e9curit\u00e9 Ext\u00e9rieure) en 1982. La SDECE a jou\u00e9 un r\u00f4le important dans le renseignement ext\u00e9rieur et la s\u00e9curit\u00e9 nationale de la France jusqu&rsquo;\u00e0 sa transformation en DGSE. ) , Nathalie YAMB pourtant de nationalit\u00e9 Suisse , qui se voit interdit d&rsquo;acc\u00e8s en France . Ce qui est l\u00e9galement pas possible puisqu&rsquo;il n&rsquo;existe aucun accord de la sorte entre la suisse et la france . Il y regne des relations de libre circulation mais exclusivement pour cette militante noire , il lui est interdit de venir en France .<\/p>\n\n\n\n<h3 class=\"wp-block-heading\" id=\"aioseo-le-visa-une-arme-de-bannissement\">Le Visa une arme de Bannissement<\/h3>\n\n\n\n<p>Le Passeport africain est de loin le plus faible . Car tout est fait pour que l&rsquo;africain ait tr\u00e8s peu la possibilit\u00e9 de mobilit\u00e9 . C&rsquo;est d&rsquo;ailleurs cette difficult\u00e9 qui l&rsquo;oblige \u00e0 la clandestinit\u00e9 . car si chaque africain avait la possibilit\u00e9 de venir constater les difficult\u00e9s la duret\u00e9 et la chert\u00e9 de la vie occidentale , il reviendrait tr\u00e8s vite au bercail . Mais tous ceux qui tentent l&rsquo;aventure , une fois en occident ils ne peuvent en partir librement sans le risque d&rsquo;en \u00eatre bannis d\u00e9finitivement . Cette contrainte de d\u00e9placement est sp\u00e9cifique aux Africains. En ayant cr\u00e9\u00e9e la pauvret\u00e9 extreme dans ces pays sans espoir de faire \u00e9clore et \u00e9merger leurs industries locales , l&rsquo;on les incitent \u00e0 fuir le continent et \u00e0 plus y revenir . Devenant ensuite de f\u00e9roces opposants \u00e0 tout militant panafricain r\u00eavant de recouvrer a l&rsquo;Afrique sa fiert\u00e9.  <\/p>\n\n\n\n<h3 class=\"wp-block-heading\" id=\"aioseo-ce-que-lon-doit-retenir\">Ce que l&rsquo;on doit retenir !<\/h3>\n\n\n\n<p>Il ne suffit plus d&rsquo;avoir du sang sur les mains ou \u00eatre un grand criminel internationale de la finance pour se voir interdire le territoire fran\u00e7ais . Non, juste faire partie de la  population afro , qu&rsquo;elle soit africaine , antillaise , ou de la diaspora , elle est astreinte au silence , \u00e0 la servitude et la r\u00e9silience . <\/p>\n\n\n\n<p>Les t\u00e9moignages, tr\u00e8s et trop rares , qui nous parviennent de la p\u00e9riode de l&rsquo;esclavage dans les Cara\u00efbes , nous racontent les moyens d&rsquo;intimidations de cette population . En prendre un , souvent le plus fort, le plus braillard et le plus rebelle , pour le torturer \u00e0 mort devant les autres esclaves en le laissant ensuite en p\u00e2ture \u00e0 l&rsquo;air libre au corbeaux pour se faire d\u00e9chiqueter et d\u00e9vorer . Une mesure de represaille qui donnera le mot \u00ab\u00a0lynchage\u00a0\u00bb qui tire son origine du nom de Charles Lynch, un planteur et juge en Virginie au 18\u00e8me si\u00e8cle.<\/p>\n\n\n\n<p>Mais l&rsquo;esprit de libert\u00e9 n&rsquo;a jamais quitte l&rsquo;esprit de la population afro , son bien le plus pr\u00e9cieux . Kemi Seba est un Mawon et pratique le Mawonnaj Politique , c&rsquo;est dire s&rsquo;\u00e9lever contre l&rsquo;ostracisme de ces maitres qui pratiquent la terreur et le maintien dans la pauvret\u00e9 et l&rsquo;ins\u00e9curit\u00e9 des millions de Noirs. <\/p>\n","protected":false},"excerpt":{"rendered":"<p>Les institutions nationales sont elles faites pour combattre le militantisme politique et des opposants au r\u00e9gime ? C&rsquo;est ce que l&rsquo;on apprend de la bouche de Kemi Seba qui se voit une fois de plus combattu directement par l&rsquo;\u00c9tat Fran\u00e7ais&#8230;<\/p>\n","protected":false},"author":1,"featured_media":417,"comment_status":"closed","ping_status":"closed","sticky":false,"template":"page-templates\/tmpl-one.php","format":"standard","meta":{"om_disable_all_campaigns":false,"_monsterinsights_skip_tracking":false,"_monsterinsights_sitenote_active":false,"_monsterinsights_sitenote_note":"","_monsterinsights_sitenote_category":0,"_jetpack_memberships_contains_paid_content":false,"footnotes":"","jetpack_publicize_message":"","jetpack_publicize_feature_enabled":true,"jetpack_social_post_already_shared":false,"jetpack_social_options":{"image_generator_settings":{"template":"highway","default_image_id":0,"font":"","enabled":false},"version":2}},"categories":[14,44],"tags":[],"class_list":["post-413","post","type-post","status-publish","format-standard","has-post-thumbnail","hentry","category-chronique","category-societe-civile"],"aioseo_notices":[],"jetpack_publicize_connections":[],"jetpack_featured_media_url":"https:\/\/i0.wp.com\/africareloaded.xyz\/wp-content\/uploads\/2024\/03\/pexels-gustavo-fring-4173219.jpg?fit=1280%2C853&ssl=1","jetpack_sharing_enabled":true,"_links":{"self":[{"href":"https:\/\/africareloaded.xyz\/index.php?rest_route=\/wp\/v2\/posts\/413","targetHints":{"allow":["GET"]}}],"collection":[{"href":"https:\/\/africareloaded.xyz\/index.php?rest_route=\/wp\/v2\/posts"}],"about":[{"href":"https:\/\/africareloaded.xyz\/index.php?rest_route=\/wp\/v2\/types\/post"}],"author":[{"embeddable":true,"href":"https:\/\/africareloaded.xyz\/index.php?rest_route=\/wp\/v2\/users\/1"}],"replies":[{"embeddable":true,"href":"https:\/\/africareloaded.xyz\/index.php?rest_route=%2Fwp%2Fv2%2Fcomments&post=413"}],"version-history":[{"count":7,"href":"https:\/\/africareloaded.xyz\/index.php?rest_route=\/wp\/v2\/posts\/413\/revisions"}],"predecessor-version":[{"id":435,"href":"https:\/\/africareloaded.xyz\/index.php?rest_route=\/wp\/v2\/posts\/413\/revisions\/435"}],"wp:featuredmedia":[{"embeddable":true,"href":"https:\/\/africareloaded.xyz\/index.php?rest_route=\/wp\/v2\/media\/417"}],"wp:attachment":[{"href":"https:\/\/africareloaded.xyz\/index.php?rest_route=%2Fwp%2Fv2%2Fmedia&parent=413"}],"wp:term":[{"taxonomy":"category","embeddable":true,"href":"https:\/\/africareloaded.xyz\/index.php?rest_route=%2Fwp%2Fv2%2Fcategories&post=413"},{"taxonomy":"post_tag","embeddable":true,"href":"https:\/\/africareloaded.xyz\/index.php?rest_route=%2Fwp%2Fv2%2Ftags&post=413"}],"curies":[{"name":"wp","href":"https:\/\/api.w.org\/{rel}","templated":true}]}}